{"id":8834,"date":"2026-09-01T11:30:23","date_gmt":"2026-09-01T09:30:23","guid":{"rendered":"https:\/\/vzklaboratory.com\/novosti-hr\/vzk-laboratory-na-12-ljetnoj-skoli-s-pharma-expert-om-razmena-znanja-i-posvecenost-savremenoj-farmaceutskoj-brizi\/"},"modified":"2026-09-01T11:38:16","modified_gmt":"2026-09-01T09:38:16","slug":"vzk-laboratory-na-12-ljetnoj-skoli-s-pharma-expertom-razmjena-znanja-i-posvecenost-suvremenoj-ljekarnickoj-skrbi","status":"publish","type":"post","link":"https:\/\/vzklaboratory.com\/hr\/novosti-hr\/vzk-laboratory-na-12-ljetnoj-skoli-s-pharma-expertom-razmjena-znanja-i-posvecenost-suvremenoj-ljekarnickoj-skrbi\/","title":{"rendered":"VZK Laboratory na 12. Ljetnoj \u0161koli s Pharma Expertom: Razmjena znanja i posve\u0107enost suvremenoj ljekarni\u010dkoj skrbi"},"content":{"rendered":"<p><span style=\"font-weight: 400;\">Od 27. do 29. kolovoza 2026. godine, Vikarijat \u2013 Konferencijski centar u Osijeku bio je epicentar regionalnih stru\u010dnih susreta u podru\u010dju ljekarn\u0161tva. Predstavnici VZK Laboratoryja imali su iznimno zadovoljstvo i \u010dast aktivno sudjelovati na ovogodi\u0161njoj, <b>12. Ljetnoj \u0161koli s Pharma Expertom<\/b>, koja je jo\u0161 jednom potvrdila svoj status jednog od najzna\u010dajnijih edukativnih doga\u0111aja u regiji. Tijekom tri intenzivna i inspirativna dana, skup je okupio brojne stru\u010dnjake, ljekarnike i ljekarni\u010dke tehni\u010dare iz Hrvatske, Srbije, Bosne i Hercegovine, Crne Gore, Slovenije i Sjeverne Makedonije, stvoriv\u0161i jedinstvenu platformu za razmjenu znanja, dragocjenih iskustava i modernih klini\u010dkih pristupa.<\/span><\/p>\n<img decoding=\"async\" class=\"alignnone wp-image-5254 size-full\" src=\"https:\/\/vzklaboratory.com\/wp-content\/uploads\/2026\/09\/letnja-skola-4.jpg\" alt=\"\" width=\"900\" height=\"600\" \/>\n<p><span style=\"font-weight: 400;\">Iza ovog uspje\u0161nog i sveobuhvatnog projekta stoji <\/span><b>Pharma Expert Club<\/b><span style=\"font-weight: 400;\">, dok je osniva\u010dica i idejna tvorac Ljetne \u0161kole <\/span><b>doc. dr. sc. Arijana Me\u0161trovi\u0107, mag. pharm., FFIP<\/b><span style=\"font-weight: 400;\">. Prepoznatljiva po svom specifi\u010dnom konceptu, Ljetna \u0161kola nije koncipirana kao klasi\u010dni znanstveni kongres, ve\u0107 primarno inzistira na interaktivnim radionicama, prakti\u010dnom klini\u010dkom razmi\u0161ljanju, analizi konkretnih slu\u010dajeva iz svakodnevne prakse i otvorenom dijalogu kolega iz cijele regije. Ovogodi\u0161nja sredi\u0161nja tema, naslovljena <\/span><i><span style=\"font-weight: 400;\">\u201eNeispri\u010dane pri\u010de na\u0161ih najstarijih pacijenata\u201c<\/span><\/i><span style=\"font-weight: 400;\">, u potpunosti je bila posve\u0107ena kompleksnoj ljekarni\u010dkoj skrbi o osobama tre\u0107e \u017eivotne dobi. Program je obuhvatio \u0161irok raspon va\u017enih tema, uklju\u010duju\u0107i nutritivne rizike kod starijih, demenciju, specifi\u010dnosti dermatolo\u0161ke skrbi zrele ko\u017ee, tuma\u010denje laboratorijskih nalaza, depresiju, respiratorne tegobe, zdravlje mi\u0161i\u0107no-ko\u0161tanog sustava, kao i suvremene koncepte poput depreskripcije, primjene Beersovih kriterija, tehnika motivacijskog intervjua i uloge ljekarni\u010dkog AI agenta. Posebnu \u010dar programu dala je i dimenzija koja povezuje ljekarn\u0161tvo i medicinu s toplim, ljudskim pristupom pacijentu, \u0161to je dodatno osna\u017eeno inspirativnim razgovorom s legendarnom glumicom Ljubicom Jovi\u0107 o starenju i \u017eivotnom iskustvu.<\/span><\/p>\n<img decoding=\"async\" class=\"alignnone wp-image-5254 size-full\" src=\"https:\/\/vzklaboratory.com\/wp-content\/uploads\/2026\/09\/letnja-skola-5.jpg\" alt=\"\" width=\"900\" height=\"600\" \/>\n<p><span style=\"font-weight: 400;\">Sudjelovanje na\u0161eg tima na ovom renomiranom skupu imalo je vi\u0161estruki zna\u010daj. Uz kontinuirano stru\u010dno usavr\u0161avanje, primarni cilj bio je ljekarni\u010dkoj zajednici regije dodatno pribli\u017eiti autenti\u010dnu filozofiju, vrhunski asortiman i visoke vrijednosti koje VZK Laboratory dosljedno zastupa. U tom duhu, s velikim ponosom omogu\u0107ili smo sudjelovanje i poveli 10 ljekarnika i ljekarni\u010dkih tehni\u010dara iz Apotekarske ustanove Lilly Drogerie, pru\u017eiv\u0161i im priliku da se usavr\u0161avaju i pove\u017eu s kolegama iz okru\u017eenja. Aktivnu ulogu u gra\u0111enju mostova suradnje i predstavljanju na\u0161ih poslovnih i stru\u010dnih usmjerenja imala su dva klju\u010dna \u010dlana na\u0161eg tima: <\/span><b>Filip Marinovi\u0107<\/b><span style=\"font-weight: 400;\">, Key Account Manager VZK Laboratory, i <\/span><b>Vladimir Tomov<\/b><span style=\"font-weight: 400;\">, menad\u017eer za internacionalnu prodaju VZK Laboratory. Oni su tijekom trajanja doga\u0111aja kroz intenzivne razgovore sa sudionicima i partnerima predstavili razvojne potencijale brenda, ja\u010daju\u0107i regionalnu vidljivost i kredibilitet kompanije.<\/span><\/p>\n<img decoding=\"async\" class=\"alignnone wp-image-5254 size-full\" src=\"https:\/\/vzklaboratory.com\/wp-content\/uploads\/2026\/09\/letnja-skola-3.jpg\" alt=\"\" width=\"900\" height=\"600\" \/>\n<p><span style=\"font-weight: 400;\">Sredi\u0161nji stru\u010dni trenutak na\u0161eg boravka u Osijeku bila je iznimna prezentacija koju je ispred VZK Laboratoryja odr\u017eala <\/span><b>spec. mr. ph. Olivera Kolund\u017eija<\/b><span style=\"font-weight: 400;\">, zamjenica voditelja proizvodnje VZK Laboratory. Kroz svoje detaljno i nadahnuto izlaganje, spec. mr. ph. Olivera Kolund\u017eija, provela je prisutne kolege kroz \u010ditav kompleksni put nastanka jedne moderne i djelotvorne kreme \u2013 od prvobitne ideje pa sve do njezine kona\u010dne realizacije u proizvodnji. Sudionici su imali priliku iz prve ruke upoznati sve klju\u010dne faze tog procesa: od temeljitog istra\u017eivanja potreba suvremenih korisnika i pacijenata, preko analize i ispitivanja aktivnih komponenti u skladu s vode\u0107im svjetskim dermatolo\u0161kim trendovima, pa do provo\u0111enja strogit klini\u010dkih studija, pa\u017eljivog balansiranja formulacije i testiranja funkcionalnosti ambala\u017ee. Ovo predavanje je na slikovit i stru\u010dan na\u010din prikazalo kako se u VZK Laboratoryju znanstvena metodologija, vrhunsko tehnolo\u0161ko znanje i beskompromisna posve\u0107enost kvaliteti preta\u010du u proizvode kojima pacijenti i ljekarnici vjeruju svakoga dana.<\/span><\/p>\n<img decoding=\"async\" class=\"alignnone wp-image-5254 size-full\" src=\"https:\/\/vzklaboratory.com\/wp-content\/uploads\/2026\/09\/letnja-skola-1.jpg\" alt=\"\" width=\"900\" height=\"600\" \/>\n<p><span style=\"font-weight: 400;\">Tri dana ispunjena intenzivnim u\u010denjem, \u017eivom razmjeno iskustava i toplim kolegijalnim dru\u017eenjem jo\u0161 jednom su potvrdila uvjerenje da su stalno usavr\u0161avanje, povezivanje u regiji i uzajamna podr\u0161ka temelji na kojima se gradi sigurna, kvalitetna i moderna ljekarni\u010dka skrb. VZK Laboratory nastavlja podr\u017eavati edukativne inicijative koje unapre\u0111uju struku i doprinose boljem zdravlju svih na\u0161ih pacijenata.<\/span><\/p>\n","protected":false},"excerpt":{"rendered":"<p>Od 27. do 29. kolovoza 2026. godine, Vikarijat \u2013 Konferencijski centar u Osijeku bio je epicentar regionalnih stru\u010dnih susreta u podru\u010dju ljekarn\u0161tva. Predstavnici VZK Laboratoryja imali su iznimno zadovoljstvo i \u010dast aktivno sudjelovati na ovogodi\u0161njoj, 12. Ljetnoj \u0161koli s Pharma Expertom, koja je jo\u0161 jednom potvrdila svoj status jednog od najzna\u010dajnijih edukativnih doga\u0111aja u regiji. [&hellip;]<\/p>\n","protected":false},"author":5,"featured_media":8823,"comment_status":"open","ping_status":"open","sticky":false,"template":"","format":"standard","meta":{"_acf_changed":false,"_seopress_titles_title":"","_seopress_titles_desc":"","_seopress_robots_index":"","_seopress_robots_follow":"","_seopress_robots_imageindex":"","_seopress_robots_snippet":"","_seopress_robots_primary_cat":"","_seopress_robots_breadcrumbs":"","_seopress_robots_freeze_modified_date":"","_seopress_robots_custom_modified_date":"","_seopress_robots_canonical":"","_seopress_social_fb_title":"","_seopress_social_fb_desc":"","_seopress_social_fb_img":"","_seopress_social_fb_img_attachment_id":0,"_seopress_social_fb_img_width":0,"_seopress_social_fb_img_height":0,"_seopress_social_twitter_title":"","_seopress_social_twitter_desc":"","_seopress_social_twitter_img":"","_seopress_social_twitter_img_attachment_id":0,"_seopress_social_twitter_img_width":0,"_seopress_social_twitter_img_height":0,"_seopress_redirections_value":"","_seopress_redirections_enabled":"","_seopress_redirections_enabled_regex":"","_seopress_redirections_logged_status":"","_seopress_redirections_param":"","_seopress_redirections_type":0,"_seopress_analysis_target_kw":"","_seopress_news_disabled":"","_seopress_video_disabled":"","_seopress_video":[],"_seopress_pro_schemas_manual":[],"_seopress_pro_rich_snippets_disable_all":"","_seopress_pro_rich_snippets_disable":[],"_seopress_pro_schemas":[],"footnotes":""},"categories":[159],"tags":[],"class_list":["post-8834","post","type-post","status-publish","format-standard","has-post-thumbnail","hentry","category-novosti-hr"],"acf":[],"_links":{"self":[{"href":"https:\/\/vzklaboratory.com\/hr\/wp-json\/wp\/v2\/posts\/8834","targetHints":{"allow":["GET"]}}],"collection":[{"href":"https:\/\/vzklaboratory.com\/hr\/wp-json\/wp\/v2\/posts"}],"about":[{"href":"https:\/\/vzklaboratory.com\/hr\/wp-json\/wp\/v2\/types\/post"}],"author":[{"embeddable":true,"href":"https:\/\/vzklaboratory.com\/hr\/wp-json\/wp\/v2\/users\/5"}],"replies":[{"embeddable":true,"href":"https:\/\/vzklaboratory.com\/hr\/wp-json\/wp\/v2\/comments?post=8834"}],"version-history":[{"count":3,"href":"https:\/\/vzklaboratory.com\/hr\/wp-json\/wp\/v2\/posts\/8834\/revisions"}],"predecessor-version":[{"id":8840,"href":"https:\/\/vzklaboratory.com\/hr\/wp-json\/wp\/v2\/posts\/8834\/revisions\/8840"}],"wp:featuredmedia":[{"embeddable":true,"href":"https:\/\/vzklaboratory.com\/hr\/wp-json\/wp\/v2\/media\/8823"}],"wp:attachment":[{"href":"https:\/\/vzklaboratory.com\/hr\/wp-json\/wp\/v2\/media?parent=8834"}],"wp:term":[{"taxonomy":"category","embeddable":true,"href":"https:\/\/vzklaboratory.com\/hr\/wp-json\/wp\/v2\/categories?post=8834"},{"taxonomy":"post_tag","embeddable":true,"href":"https:\/\/vzklaboratory.com\/hr\/wp-json\/wp\/v2\/tags?post=8834"}],"curies":[{"name":"wp","href":"https:\/\/api.w.org\/{rel}","templated":true}]}}